{"id":1688,"date":"2021-09-15T22:04:15","date_gmt":"2021-09-15T19:04:15","guid":{"rendered":"https:\/\/haferland.ro\/echos-des-festivals-haferlandwoche-2021\/"},"modified":"2022-03-08T12:36:16","modified_gmt":"2022-03-08T10:36:16","slug":"ecourile-festivalului-saptamana-haferland-2021","status":"publish","type":"post","link":"https:\/\/haferland.ro\/de\/ecourile-festivalului-saptamana-haferland-2021\/","title":{"rendered":"Echos des Festivals \u2013 Haferlandwoche 2021"},"content":{"rendered":"<div id=\"pl-1688\"  class=\"panel-layout\" ><div id=\"pg-1688-0\"  class=\"panel-grid panel-no-style\" ><div id=\"pgc-1688-0-0\"  class=\"panel-grid-cell\" ><div id=\"panel-1688-0-0-0\" class=\"so-panel widget widget_text panel-first-child panel-last-child\" data-index=\"0\" >\t\t\t<div class=\"textwidget\"><p><center><\/center><center><center>Proiect cultural finan\u021bat de\u00a0<strong>Ministerul Culturii<\/strong><br \/>\nProiect cofinan\u021bat de\u00a0<strong>Consiliul Jude\u021bean Bra\u0219ov<\/strong>, c\u0103ruia \u00eei mul\u021bumim, fiind unul dintre principalii sus\u021bin\u0103tori ai festivalului\u00a0<strong>Saptamana Haferland<\/strong><\/center>&nbsp;<\/p>\n<p><center>Acest proiect este finan\u021bat de<strong>\u00a0Ministerul de Stat pentru Familie, Munc\u0103 \u0219i Afaceri Sociale din Bavaria<\/strong><br \/>\nDieses Projekt wird aus\u00a0<strong>Mitteln des Bayerischen Staatsministeriums f\u00fcr Familie, Arbeit und Soziales gef\u00f6rdert<\/strong><\/center><\/center><\/p>\n<\/div>\n\t\t<\/div><\/div><\/div><div id=\"pg-1688-1\"  class=\"panel-grid panel-no-style\" ><div id=\"pgc-1688-1-0\"  class=\"panel-grid-cell\" ><div id=\"panel-1688-1-0-0\" class=\"so-panel widget widget_media_video panel-first-child panel-last-child\" data-index=\"1\" ><div style=\"width:100%;\" class=\"wp-video\"><!--[if lt IE 9]><script>document.createElement('video');<\/script><![endif]-->\n<video class=\"wp-video-shortcode\" id=\"video-1688-1\" preload=\"auto\" controls=\"controls\"><source type=\"video\/youtube\" src=\"https:\/\/youtu.be\/zdak3pvYbbM?_=1\" \/><a href=\"https:\/\/youtu.be\/zdak3pvYbbM\">https:\/\/youtu.be\/zdak3pvYbbM<\/a><\/video><\/div><\/div><\/div><\/div><\/div>","protected":false},"excerpt":{"rendered":"<p>S\u0103pt\u0103m\u00e2na Haferland 2021 a readus \u00een sufletul locuitorilor din \u021aara Ov\u0103zului bucuria s\u0103rb\u0103torilor de odinioar\u0103, iar turi\u0219tii \u0219i oaspe\u021bii au descoperit tradi\u021biile s\u0103se\u0219ti \u0219i istorii ale locului. \u00cen condi\u021bii de siguran\u021b\u0103 sanitar\u0103 am dus tradi\u021bia mai departe \u0219i \u00een acest an.<\/p>\n","protected":false},"author":1,"featured_media":2545,"comment_status":"closed","ping_status":"closed","sticky":false,"template":"","format":"standard","meta":[],"categories":[18],"tags":[],"yoast_head":"<!-- This site is optimized with the Yoast SEO plugin v18.1 - https:\/\/yoast.com\/wordpress\/plugins\/seo\/ -->\n<title>Echos des Festivals \u2013 Haferlandwoche 2021 - Saptamana Haferland<\/title>\n<meta name=\"robots\" content=\"index, follow, max-snippet:-1, max-image-preview:large, max-video-preview:-1\" \/>\n<link rel=\"canonical\" href=\"https:\/\/haferland.ro\/de\/ecourile-festivalului-saptamana-haferland-2021\/\" \/>\n<meta property=\"og:locale\" content=\"de_DE\" \/>\n<meta property=\"og:type\" content=\"article\" \/>\n<meta property=\"og:title\" content=\"Echos des Festivals \u2013 Haferlandwoche 2021 - Saptamana Haferland\" \/>\n<meta property=\"og:description\" content=\"S\u0103pt\u0103m\u00e2na Haferland 2021 a readus \u00een sufletul locuitorilor din \u021aara Ov\u0103zului bucuria s\u0103rb\u0103torilor de odinioar\u0103, iar turi\u0219tii \u0219i oaspe\u021bii au descoperit tradi\u021biile s\u0103se\u0219ti \u0219i istorii ale locului. \u00cen condi\u021bii de siguran\u021b\u0103 sanitar\u0103 am dus tradi\u021bia mai departe \u0219i \u00een acest an.\" \/>\n<meta property=\"og:url\" content=\"https:\/\/haferland.ro\/de\/ecourile-festivalului-saptamana-haferland-2021\/\" \/>\n<meta property=\"og:site_name\" content=\"Saptamana Haferland\" \/>\n<meta property=\"article:publisher\" content=\"https:\/\/www.facebook.com\/haferland\/\" \/>\n<meta property=\"article:published_time\" content=\"2021-09-15T19:04:15+00:00\" \/>\n<meta property=\"article:modified_time\" content=\"2022-03-08T10:36:16+00:00\" \/>\n<meta property=\"og:image\" content=\"https:\/\/haferland.ro\/wp-content\/uploads\/2021\/09\/Saptamana-Haferland-2021.jpg\" \/>\n\t<meta property=\"og:image:width\" content=\"800\" \/>\n\t<meta property=\"og:image:height\" content=\"1200\" \/>\n\t<meta property=\"og:image:type\" content=\"image\/jpeg\" \/>\n<meta name=\"twitter:card\" content=\"summary\" \/>\n<meta name=\"twitter:label1\" content=\"Verfasst von\" \/>\n\t<meta name=\"twitter:data1\" content=\"Saptamana Haferland\" \/>\n\t<meta name=\"twitter:label2\" content=\"Gesch\u00e4tzte Lesezeit\" \/>\n\t<meta name=\"twitter:data2\" content=\"1\u00a0Minute\" \/>\n<script type=\"application\/ld+json\" class=\"yoast-schema-graph\">{\"@context\":\"https:\/\/schema.org\",\"@graph\":[{\"@type\":\"WebSite\",\"@id\":\"https:\/\/haferland.ro\/#website\",\"url\":\"https:\/\/haferland.ro\/\",\"name\":\"Saptamana Haferland\",\"description\":\"\",\"potentialAction\":[{\"@type\":\"SearchAction\",\"target\":{\"@type\":\"EntryPoint\",\"urlTemplate\":\"https:\/\/haferland.ro\/?s={search_term_string}\"},\"query-input\":\"required name=search_term_string\"}],\"inLanguage\":\"de\"},{\"@type\":\"ImageObject\",\"@id\":\"https:\/\/haferland.ro\/de\/ecourile-festivalului-saptamana-haferland-2021\/#primaryimage\",\"inLanguage\":\"de\",\"url\":\"https:\/\/haferland.ro\/wp-content\/uploads\/2021\/09\/Saptamana-Haferland-2021.jpg\",\"contentUrl\":\"https:\/\/haferland.ro\/wp-content\/uploads\/2021\/09\/Saptamana-Haferland-2021.jpg\",\"width\":800,\"height\":1200},{\"@type\":\"WebPage\",\"@id\":\"https:\/\/haferland.ro\/de\/ecourile-festivalului-saptamana-haferland-2021\/#webpage\",\"url\":\"https:\/\/haferland.ro\/de\/ecourile-festivalului-saptamana-haferland-2021\/\",\"name\":\"Echos des Festivals \u2013 Haferlandwoche 2021 - Saptamana Haferland\",\"isPartOf\":{\"@id\":\"https:\/\/haferland.ro\/#website\"},\"primaryImageOfPage\":{\"@id\":\"https:\/\/haferland.ro\/de\/ecourile-festivalului-saptamana-haferland-2021\/#primaryimage\"},\"datePublished\":\"2021-09-15T19:04:15+00:00\",\"dateModified\":\"2022-03-08T10:36:16+00:00\",\"author\":{\"@id\":\"https:\/\/haferland.ro\/#\/schema\/person\/6a50fcbd95f061d1705f4e9bf0adb87e\"},\"breadcrumb\":{\"@id\":\"https:\/\/haferland.ro\/de\/ecourile-festivalului-saptamana-haferland-2021\/#breadcrumb\"},\"inLanguage\":\"de\",\"potentialAction\":[{\"@type\":\"ReadAction\",\"target\":[\"https:\/\/haferland.ro\/de\/ecourile-festivalului-saptamana-haferland-2021\/\"]}]},{\"@type\":\"BreadcrumbList\",\"@id\":\"https:\/\/haferland.ro\/de\/ecourile-festivalului-saptamana-haferland-2021\/#breadcrumb\",\"itemListElement\":[{\"@type\":\"ListItem\",\"position\":1,\"name\":\"Home\",\"item\":\"https:\/\/haferland.ro\/\"},{\"@type\":\"ListItem\",\"position\":2,\"name\":\"Echos des Festivals \u2013 Haferlandwoche 2021\"}]},{\"@type\":\"Person\",\"@id\":\"https:\/\/haferland.ro\/#\/schema\/person\/6a50fcbd95f061d1705f4e9bf0adb87e\",\"name\":\"Saptamana Haferland\",\"image\":{\"@type\":\"ImageObject\",\"@id\":\"https:\/\/haferland.ro\/#personlogo\",\"inLanguage\":\"de\",\"url\":\"https:\/\/secure.gravatar.com\/avatar\/bacbfb618eecba0a80b3beae4fe40714?s=96&d=mm&r=g\",\"contentUrl\":\"https:\/\/secure.gravatar.com\/avatar\/bacbfb618eecba0a80b3beae4fe40714?s=96&d=mm&r=g\",\"caption\":\"Saptamana Haferland\"},\"url\":\"https:\/\/haferland.ro\/de\/author\/adminit\/\"}]}<\/script>\n<!-- \/ Yoast SEO plugin. -->","yoast_head_json":{"title":"Echos des Festivals \u2013 Haferlandwoche 2021 - Saptamana Haferland","robots":{"index":"index","follow":"follow","max-snippet":"max-snippet:-1","max-image-preview":"max-image-preview:large","max-video-preview":"max-video-preview:-1"},"canonical":"https:\/\/haferland.ro\/de\/ecourile-festivalului-saptamana-haferland-2021\/","og_locale":"de_DE","og_type":"article","og_title":"Echos des Festivals \u2013 Haferlandwoche 2021 - Saptamana Haferland","og_description":"S\u0103pt\u0103m\u00e2na Haferland 2021 a readus \u00een sufletul locuitorilor din \u021aara Ov\u0103zului bucuria s\u0103rb\u0103torilor de odinioar\u0103, iar turi\u0219tii \u0219i oaspe\u021bii au descoperit tradi\u021biile s\u0103se\u0219ti \u0219i istorii ale locului. \u00cen condi\u021bii de siguran\u021b\u0103 sanitar\u0103 am dus tradi\u021bia mai departe \u0219i \u00een acest an.","og_url":"https:\/\/haferland.ro\/de\/ecourile-festivalului-saptamana-haferland-2021\/","og_site_name":"Saptamana Haferland","article_publisher":"https:\/\/www.facebook.com\/haferland\/","article_published_time":"2021-09-15T19:04:15+00:00","article_modified_time":"2022-03-08T10:36:16+00:00","og_image":[{"width":800,"height":1200,"url":"https:\/\/haferland.ro\/wp-content\/uploads\/2021\/09\/Saptamana-Haferland-2021.jpg","type":"image\/jpeg"}],"twitter_card":"summary","twitter_misc":{"Verfasst von":"Saptamana Haferland","Gesch\u00e4tzte Lesezeit":"1\u00a0Minute"},"schema":{"@context":"https:\/\/schema.org","@graph":[{"@type":"WebSite","@id":"https:\/\/haferland.ro\/#website","url":"https:\/\/haferland.ro\/","name":"Saptamana Haferland","description":"","potentialAction":[{"@type":"SearchAction","target":{"@type":"EntryPoint","urlTemplate":"https:\/\/haferland.ro\/?s={search_term_string}"},"query-input":"required name=search_term_string"}],"inLanguage":"de"},{"@type":"ImageObject","@id":"https:\/\/haferland.ro\/de\/ecourile-festivalului-saptamana-haferland-2021\/#primaryimage","inLanguage":"de","url":"https:\/\/haferland.ro\/wp-content\/uploads\/2021\/09\/Saptamana-Haferland-2021.jpg","contentUrl":"https:\/\/haferland.ro\/wp-content\/uploads\/2021\/09\/Saptamana-Haferland-2021.jpg","width":800,"height":1200},{"@type":"WebPage","@id":"https:\/\/haferland.ro\/de\/ecourile-festivalului-saptamana-haferland-2021\/#webpage","url":"https:\/\/haferland.ro\/de\/ecourile-festivalului-saptamana-haferland-2021\/","name":"Echos des Festivals \u2013 Haferlandwoche 2021 - Saptamana Haferland","isPartOf":{"@id":"https:\/\/haferland.ro\/#website"},"primaryImageOfPage":{"@id":"https:\/\/haferland.ro\/de\/ecourile-festivalului-saptamana-haferland-2021\/#primaryimage"},"datePublished":"2021-09-15T19:04:15+00:00","dateModified":"2022-03-08T10:36:16+00:00","author":{"@id":"https:\/\/haferland.ro\/#\/schema\/person\/6a50fcbd95f061d1705f4e9bf0adb87e"},"breadcrumb":{"@id":"https:\/\/haferland.ro\/de\/ecourile-festivalului-saptamana-haferland-2021\/#breadcrumb"},"inLanguage":"de","potentialAction":[{"@type":"ReadAction","target":["https:\/\/haferland.ro\/de\/ecourile-festivalului-saptamana-haferland-2021\/"]}]},{"@type":"BreadcrumbList","@id":"https:\/\/haferland.ro\/de\/ecourile-festivalului-saptamana-haferland-2021\/#breadcrumb","itemListElement":[{"@type":"ListItem","position":1,"name":"Home","item":"https:\/\/haferland.ro\/"},{"@type":"ListItem","position":2,"name":"Echos des Festivals \u2013 Haferlandwoche 2021"}]},{"@type":"Person","@id":"https:\/\/haferland.ro\/#\/schema\/person\/6a50fcbd95f061d1705f4e9bf0adb87e","name":"Saptamana Haferland","image":{"@type":"ImageObject","@id":"https:\/\/haferland.ro\/#personlogo","inLanguage":"de","url":"https:\/\/secure.gravatar.com\/avatar\/bacbfb618eecba0a80b3beae4fe40714?s=96&d=mm&r=g","contentUrl":"https:\/\/secure.gravatar.com\/avatar\/bacbfb618eecba0a80b3beae4fe40714?s=96&d=mm&r=g","caption":"Saptamana Haferland"},"url":"https:\/\/haferland.ro\/de\/author\/adminit\/"}]}},"_links":{"self":[{"href":"https:\/\/haferland.ro\/de\/wp-json\/wp\/v2\/posts\/1688"}],"collection":[{"href":"https:\/\/haferland.ro\/de\/wp-json\/wp\/v2\/posts"}],"about":[{"href":"https:\/\/haferland.ro\/de\/wp-json\/wp\/v2\/types\/post"}],"author":[{"embeddable":true,"href":"https:\/\/haferland.ro\/de\/wp-json\/wp\/v2\/users\/1"}],"replies":[{"embeddable":true,"href":"https:\/\/haferland.ro\/de\/wp-json\/wp\/v2\/comments?post=1688"}],"version-history":[{"count":4,"href":"https:\/\/haferland.ro\/de\/wp-json\/wp\/v2\/posts\/1688\/revisions"}],"predecessor-version":[{"id":2618,"href":"https:\/\/haferland.ro\/de\/wp-json\/wp\/v2\/posts\/1688\/revisions\/2618"}],"wp:featuredmedia":[{"embeddable":true,"href":"https:\/\/haferland.ro\/de\/wp-json\/wp\/v2\/media\/2545"}],"wp:attachment":[{"href":"https:\/\/haferland.ro\/de\/wp-json\/wp\/v2\/media?parent=1688"}],"wp:term":[{"taxonomy":"category","embeddable":true,"href":"https:\/\/haferland.ro\/de\/wp-json\/wp\/v2\/categories?post=1688"},{"taxonomy":"post_tag","embeddable":true,"href":"https:\/\/haferland.ro\/de\/wp-json\/wp\/v2\/tags?post=1688"}],"curies":[{"name":"wp","href":"https:\/\/api.w.org\/{rel}","templated":true}]}}